{"id":115,"date":"2015-05-11T06:47:00","date_gmt":"2015-05-11T06:47:00","guid":{"rendered":"https:\/\/datosundav.com.ar\/clases\/filtraciones-en-el-periodismo-wikileaks-prism-y-vaticanleaks\/"},"modified":"2015-05-11T06:47:00","modified_gmt":"2015-05-11T06:47:00","slug":"filtraciones-en-el-periodismo-wikileaks-prism-y-vaticanleaks","status":"publish","type":"post","link":"https:\/\/datosundav.com.ar\/clases\/filtraciones-en-el-periodismo-wikileaks-prism-y-vaticanleaks\/","title":{"rendered":"FIltraciones en el periodismo: Wikileaks, Prism y Vaticanleaks"},"content":{"rendered":"<p><b>Links de art\u00edculos trabajados en clase:<\/b><\/p>\n<div><\/div>\n<div>\n<div>\n<ul>\n<li><a href=\"http:\/\/masde131.com\/2015\/03\/las-y-los-filtradores-de-informacion-a-traves-del-tiempo\/\" target=\"_blank\" rel=\"noopener noreferrer\">Filtradores de informaci\u00f3n a trav\u00e9s del tiempo<\/a><\/li>\n<\/ul>\n<ul>\n<li><a href=\"http:\/\/www.clarin.com\/opinion\/filtraciones-periodismo_0_965903424.html\" target=\"_blank\" rel=\"noopener noreferrer\">Las filtraciones y el periodismo<\/a><\/li>\n<\/ul>\n<ul>\n<li><a href=\"http:\/\/www.telam.com.ar\/notas\/201308\/29544-cronologia-de-las-filtraciones-a-wikileaks-y-del-juicio-a-bradley-manning.html\" target=\"_blank\" rel=\"noopener noreferrer\">Cronolog\u00eda de las filtraciones a WikiLeaks y del juicio a Bradley Manning<\/a><\/li>\n<\/ul>\n<ul>\n<li><a href=\"http:\/\/www.elcomercio.com\/politica\/asilo-Julian-Assange-Ecuador-wikileaks-Londres-Rafael-Correa-Patino-cronologia_0_756524380.html\" target=\"_blank\" rel=\"noopener noreferrer\">Conozca qui\u00e9n es Julian Assange y la cronolog\u00eda del caso<\/a><\/li>\n<\/ul>\n<ul>\n<li><a href=\"http:\/\/www.telam.com.ar\/notas\/201307\/24728-10-cosas-que-tenes-que-saber-de-edward-snowden.html\" target=\"_blank\" rel=\"noopener noreferrer\">10 claves que ten\u00e9s que saber de Edward Snowden<\/a><\/li>\n<\/ul>\n<ul>\n<li><a href=\"http:\/\/www.uoc.edu\/divulgacio\/comein\/es\/numero12\/articles\/Article-Silvia-Martinez.html\" target=\"_blank\" rel=\"noopener noreferrer\">&#8216;Vaticanleaks&#8217;: el \u00faltimo episodio de filtraci\u00f3n informativa<\/a><\/li>\n<\/ul>\n<\/div>\n<div><\/div>\n<\/div>\n<div>Portal:&nbsp;<a href=\"https:\/\/mexicoleaks.mx\/\" target=\"_blank\" rel=\"noopener noreferrer\">MexicoLeaks<\/a>,&nbsp;plataforma mexicana de filtraciones<\/p>\n<p><b>Video: entrevista a Edward Snowden:<\/b><\/p>\n<p><iframe loading=\"lazy\" allowfullscreen=\"\" frameborder=\"0\" height=\"315\" src=\"https:\/\/www.youtube.com\/embed\/OuV6eFg3l04?rel=0\" width=\"560\"><\/iframe> <\/p>\n<p><b>L\u00ednea de tiempo: cronolog\u00eda del caso Wikileaks &#8211;&nbsp;<\/b>Fuente: <a href=\"http:\/\/www.rtve.es\/noticias\/cronologia-julian-assange-wikileaks\/\" target=\"_blank\" rel=\"noopener noreferrer\">RTVE.ES<\/a><\/p>\n<p><iframe loading=\"lazy\" frameborder=\"0\" height=\"650\" src=\"http:\/\/embed.verite.co\/timeline\/?source=0AjQJ09mp6K8SdDZfMGRwc3BLZDd6a3dORV9KUUY4a1E&amp;font=Georgia-Helvetica&amp;maptype=toner&amp;lang=es&amp;height=650\" width=\"100%\"><\/iframe><\/div>\n","protected":false},"excerpt":{"rendered":"<p>Links de art\u00edculos trabajados en clase: Filtradores de informaci\u00f3n a trav\u00e9s del tiempo Las filtraciones y el periodismo Cronolog\u00eda de las filtraciones a WikiLeaks y del juicio a Bradley Manning Conozca qui\u00e9n es Julian Assange y la cronolog\u00eda del caso &hellip; <a href=\"https:\/\/datosundav.com.ar\/clases\/filtraciones-en-el-periodismo-wikileaks-prism-y-vaticanleaks\/\">Sigue leyendo <span class=\"meta-nav\">&rarr;<\/span><\/a><\/p>\n","protected":false},"author":3,"featured_media":0,"comment_status":"open","ping_status":"open","sticky":false,"template":"","format":"standard","meta":{"footnotes":""},"categories":[21,13,5,18,19,24,20,6,23,22],"tags":[],"class_list":["post-115","post","type-post","status-publish","format-standard","hentry","category-filtraciones","category-lecturas","category-periodismo-de-datos","category-periodismo-de-investigacion","category-periodismo-de-precision","category-prism","category-snowden","category-undav","category-vaticanleaks","category-wikileaks"],"_links":{"self":[{"href":"https:\/\/datosundav.com.ar\/clases\/wp-json\/wp\/v2\/posts\/115","targetHints":{"allow":["GET"]}}],"collection":[{"href":"https:\/\/datosundav.com.ar\/clases\/wp-json\/wp\/v2\/posts"}],"about":[{"href":"https:\/\/datosundav.com.ar\/clases\/wp-json\/wp\/v2\/types\/post"}],"author":[{"embeddable":true,"href":"https:\/\/datosundav.com.ar\/clases\/wp-json\/wp\/v2\/users\/3"}],"replies":[{"embeddable":true,"href":"https:\/\/datosundav.com.ar\/clases\/wp-json\/wp\/v2\/comments?post=115"}],"version-history":[{"count":0,"href":"https:\/\/datosundav.com.ar\/clases\/wp-json\/wp\/v2\/posts\/115\/revisions"}],"wp:attachment":[{"href":"https:\/\/datosundav.com.ar\/clases\/wp-json\/wp\/v2\/media?parent=115"}],"wp:term":[{"taxonomy":"category","embeddable":true,"href":"https:\/\/datosundav.com.ar\/clases\/wp-json\/wp\/v2\/categories?post=115"},{"taxonomy":"post_tag","embeddable":true,"href":"https:\/\/datosundav.com.ar\/clases\/wp-json\/wp\/v2\/tags?post=115"}],"curies":[{"name":"wp","href":"https:\/\/api.w.org\/{rel}","templated":true}]}}